{"id":7508,"date":"2026-06-25T10:43:57","date_gmt":"2026-06-25T08:43:57","guid":{"rendered":"https:\/\/prezode-initiative.org\/renouer-avec-la-nature-un-imperatif-en-matiere-de-prevention\/"},"modified":"2026-08-25T19:41:06","modified_gmt":"2026-08-25T17:41:06","slug":"renouer-avec-la-nature-un-imperatif-en-matiere-de-prevention","status":"publish","type":"post","link":"https:\/\/prezode-initiative.org\/fr\/renouer-avec-la-nature-un-imperatif-en-matiere-de-prevention\/","title":{"rendered":"Renouer avec la nature, un imp\u00e9ratif en mati\u00e8re de pr\u00e9vention"},"content":{"rendered":"\n<p class=\"wp-block-paragraph\"><\/p>\n\n<h2 class=\"wp-block-heading\">Sur une plan\u00e8te aux ressources limit\u00e9es, la protection et la restauration de la nature constituent un imp\u00e9ratif pour pr\u00e9server la sant\u00e9 mondiale et lutter contre les risques de pand\u00e9mies et de zoonoses. Les enseignements et t\u00e9moignages de terrain d\u00e9montrent l&rsquo;efficacit\u00e9 des solutions fond\u00e9es sur la nature.  <\/h2>\n\n<p class=\"wp-block-paragraph\"><\/p>\n\n<p class=\"wp-block-paragraph\">Selon l&rsquo;Union internationale pour la conservation de la nature (<a href=\"https:\/\/iucn.org\/\" type=\"link\" id=\"https:\/\/iucn.org\/\" target=\"_blank\" rel=\"noreferrer noopener\">UICN)<\/a><strong>, les solutions fond\u00e9es sur la nature d\u00e9signent les actions visant \u00e0 prot\u00e9ger, conserver, restaurer, exploiter de mani\u00e8re durable et g\u00e9rer des \u00e9cosyst\u00e8mes naturels ou modifi\u00e9s, de mani\u00e8re \u00e0 relever les d\u00e9fis soci\u00e9taux tout en apportant des avantages pour le bien-\u00eatre humain et la biodiversit\u00e9.<\/strong> <\/p>\n\n<p class=\"wp-block-paragraph\">Organis\u00e9 le 18 juin 2026, le <strong>webinaire PREZODE consacr\u00e9 aux solutions fond\u00e9es sur la nature<\/strong> (NbS) a examin\u00e9 leur contribution \u00e0 la pr\u00e9vention de l\u2019\u00e9mergence des maladies zoonotiques et au renforcement des approches \u00ab One Health \u00bb. R\u00e9unissant des experts issus des domaines de la conservation, de l\u2019\u00e9pid\u00e9miologie, de l\u2019\u00e9cologie et de la sant\u00e9 publique, les pr\u00e9sentations ont mis en \u00e9vidence des preuves de plus en plus nombreuses indiquant que la protection, la restauration et la gestion durable des \u00e9cosyst\u00e8mes peuvent r\u00e9duire les risques sanitaires tout en apportant de multiples avantages pour la biodiversit\u00e9, le climat et les communaut\u00e9s locales. <\/p>\n\n<p class=\"wp-block-paragraph\">Au cours de cette session, <strong>le Dr Neil Vora<\/strong> (coalition \u00ab Preventing Pandemics at the Source \u00bb), <strong>la Dr Paula Ribeiro Prist<\/strong> (UICN) et <strong>le Dr Serge Morand<\/strong> (CNRS et Universit\u00e9 Kasetsart) ont partag\u00e9 leur exp\u00e9rience avant d&rsquo;engager une discussion avec les participants. (<em>Voir les biographies ci-dessous)<\/em><\/p>\n\n<div class=\"wp-block-buttons is-content-justification-center is-layout-flex wp-container-core-buttons-is-layout-fe48e5de wp-block-buttons-is-layout-flex\">\n<div class=\"wp-block-button is-style-outline is-style-outline--1\"><a class=\"wp-block-button__link has-tertiary-color has-text-color has-link-color wp-element-button\" href=\"https:\/\/youtu.be\/UyccW-c39bQ\" target=\"_blank\" rel=\"noreferrer noopener\">Regardez la retransmission<\/a><\/div>\n<\/div>\n\n<h3 class=\"wp-block-heading\">Sans la nature, il n&rsquo;y a pas d&rsquo;avenir pour l&rsquo;humanit\u00e9<\/h3>\n\n<p class=\"wp-block-paragraph\"><strong>Neil Vora<\/strong> a pr\u00e9sent\u00e9 le concept des limites plan\u00e9taires, ces processus qui r\u00e9gulent la stabilit\u00e9 de la Terre. Si l\u2019humanit\u00e9 a r\u00e9alis\u00e9 des progr\u00e8s remarquables dans les domaines de la sant\u00e9, de l\u2019\u00e9ducation et de la r\u00e9duction de la pauvret\u00e9, ces acquis sont aujourd\u2019hui de plus en plus menac\u00e9s par le d\u00e9passement des limites plan\u00e9taires. S&rsquo;appuyant sur <strong>les concepts de \u00ab One Health \u00bb et de \u00ab Planetary Health \u00bb<\/strong>, il a fait valoir que <strong>le bien-\u00eatre humain d\u00e9pend en fin de compte de la sant\u00e9 des \u00e9cosyst\u00e8mes<\/strong>. Il a oppos\u00e9 deux visions concurrentes du d\u00e9veloppement : l\u2019une mettant l\u2019accent sur les solutions technologiques pour surmonter les contraintes environnementales, et l\u2019autre reconnaissant que l\u2019humanit\u00e9 fait partie int\u00e9grante des syst\u00e8mes \u00e9cologiques et des limites plan\u00e9taires. \u00ab  <em>Nous devons accepter que le fait de vivre dans le respect des limites \u00e9cologiques n\u2019est pas une option. Et les maladies zoonotiques en sont un parfait exemple : elles montrent comment notre relation perturb\u00e9e avec la nature conduit \u00e0 une multiplication des flamb\u00e9es sanitaires, des \u00e9pid\u00e9mies et des pand\u00e9mies. <\/em>\u00bb. \u00c0 cet \u00e9gard, <strong>les solutions fond\u00e9es sur la nature constituent un \u00e9l\u00e9ment essentiel des strat\u00e9gies de pr\u00e9vention des pand\u00e9mies. <\/strong>  <\/p>\n\n<blockquote class=\"wp-block-quote is-layout-flow wp-block-quote-is-layout-flow\">\n<p class=\"wp-block-paragraph\">Plus de 30 % de la r\u00e9duction des \u00e9missions de dioxyde de carbone n\u00e9cessaire pour atteindre nos objectifs climatiques provient de la nature. Pourtant, la nature ne b\u00e9n\u00e9ficie que de moins de 5 % du financement global consacr\u00e9 au climat. <\/p>\n<\/blockquote>\n\n<p class=\"wp-block-paragraph\">Neil Vora a soulign\u00e9 la n\u00e9cessit\u00e9 de disposer de donn\u00e9es plus solides d\u00e9montrant \u00e0 la fois les co\u00fbts sanitaires li\u00e9s \u00e0 la d\u00e9gradation de l\u2019environnement et les b\u00e9n\u00e9fices pour la sant\u00e9 g\u00e9n\u00e9r\u00e9s par les investissements dans la protection et la restauration des \u00e9cosyst\u00e8mes. Il a \u00e9galement appel\u00e9 \u00e0 <strong>un engagement soci\u00e9tal plus large, au-del\u00e0 des seules communaut\u00e9s scientifiques<\/strong>, notamment par le biais de partenariats avec les communaut\u00e9s locales, les peuples autochtones, les artistes et les d\u00e9cideurs politiques, afin de favoriser un changement transformateur. <\/p>\n\n<p class=\"wp-block-paragraph\"><\/p>\n\n<h3 class=\"wp-block-heading\">La superficie des terres prot\u00e9g\u00e9es, leur localisation et la mani\u00e8re dont les \u00e9cosyst\u00e8mes sont g\u00e9r\u00e9s peuvent avoir une influence consid\u00e9rable sur les risques li\u00e9s aux maladies zoonotiques et aux maladies \u00e0 transmission vectorielle<\/h3>\n\n<p class=\"wp-block-paragraph\">Paula Ribeiro Prist a pr\u00e9sent\u00e9 plusieurs \u00e9tudes de cas illustrant comment les solutions fond\u00e9es sur la nature peuvent r\u00e9duire le risque de maladies zoonotiques et \u00e0 transmission vectorielle. \u00c0 partir de ses recherches sur la for\u00eat atlantique br\u00e9silienne, elle a d\u00e9montr\u00e9 que les territoires autochtones et les for\u00eats prot\u00e9g\u00e9es peuvent contribuer \u00e0 faire baisser les taux d&rsquo;incidence de plusieurs maladies zoonotiques et \u00e0 transmission vectorielle. Dans le bassin amazonien, les terres autochtones jouent un r\u00f4le majeur dans le maintien des services \u00e9cosyst\u00e9miques, notamment l\u2019\u00e9limination des polluants atmosph\u00e9riques nocifs g\u00e9n\u00e9r\u00e9s par les feux de for\u00eat. La protection de ces zones pourrait pr\u00e9venir des millions de cas de maladies li\u00e9es aux incendies tout en permettant de r\u00e9aliser des \u00e9conomies substantielles en mati\u00e8re de d\u00e9penses de sant\u00e9.  <\/p>\n\n<blockquote class=\"wp-block-quote is-layout-flow wp-block-quote-is-layout-flow\">\n<p class=\"wp-block-paragraph\"><em>Lorsque l&rsquo;on prend en compte la sant\u00e9 humaine dans l&rsquo;\u00e9valuation des co\u00fbts et des avantages des solutions fond\u00e9es sur la nature, les avantages l&rsquo;emportent toujours sur les co\u00fbts<\/em>.<\/p>\n<\/blockquote>\n\n<p class=\"wp-block-paragraph\">Paula Prist a \u00e9galement pr\u00e9sent\u00e9 des analyses \u00e9conomiques men\u00e9es au Liberia, o\u00f9 les b\u00e9n\u00e9fices sanitaires li\u00e9s aux aires prot\u00e9g\u00e9es l&rsquo;emportaient sur les co\u00fbts de conservation dans plusieurs sc\u00e9narios, en \u00e9tablissant un lien entre la r\u00e9duction du nombre de cas de paludisme et la protection des for\u00eats : \u00ab<em>Lorsque nous int\u00e9grons la sant\u00e9 humaine dans l&rsquo;\u00e9valuation des co\u00fbts et des b\u00e9n\u00e9fices des solutions fond\u00e9es sur la nature, les b\u00e9n\u00e9fices l&rsquo;emportent toujours sur les co\u00fbts<\/em>\u00bb.<\/p>\n\n<p class=\"wp-block-paragraph\">Une autre \u00e9tude de mod\u00e9lisation men\u00e9e au Br\u00e9sil sur les hantavirus, la fi\u00e8vre jaune et la dengue a montr\u00e9 que la restauration des \u00e9cosyst\u00e8mes peut produire des r\u00e9sultats variables en fonction de la configuration du paysage, de l\u2019\u00e9cologie des maladies et des conditions environnementales locales. <strong>Des solutions fond\u00e9es sur la nature efficaces<\/strong> n\u00e9cessitent donc une conception minutieuse, un suivi rigoureux et une \u00e9valuation des compromis potentiels entre les diff\u00e9rents objectifs en mati\u00e8re de sant\u00e9 et de conservation. La loi br\u00e9silienne sur la v\u00e9g\u00e9tation indig\u00e8ne impose la protection de 20 % des terres, mais son respect est rare. Afin de garantir le r\u00e9alisme des mod\u00e8les, Paula Prist a conseill\u00e9 <strong>d\u2019ajuster les plans pour trouver un \u00e9quilibre entre la conservation et la r\u00e9duction des risques zoonotiques, en fonction des facteurs d\u00e9terminants de chaque maladie<\/strong>. Pour le risque combin\u00e9 li\u00e9 \u00e0 l\u2019hantavirus et \u00e0 la fi\u00e8vre jaune, par exemple, des r\u00e9sultats mutuellement b\u00e9n\u00e9fiques n\u00e9cessitent d\u2019accro\u00eetre le couvert forestier tout en \u00e9vitant une connectivit\u00e9 foresti\u00e8re accrue.   <\/p>\n\n<p class=\"wp-block-paragraph\"><\/p>\n\n<h3 class=\"wp-block-heading\"><strong>R\u00e9introduction de la nature dans les for\u00eats communautaires et boisement communautaire<\/strong><\/h3>\n\n<p class=\"wp-block-paragraph\"><\/p>\n\n<p class=\"wp-block-paragraph\"><strong>Le Dr Serge Morand<\/strong> a pr\u00e9sent\u00e9 les exp\u00e9riences men\u00e9es dans le cadre du <a href=\"https:\/\/www.preacts.org\/asamco\"><strong>programme PREACTS-ASAMCO<\/strong><\/a> en Tha\u00eflande et au Laos, qui met l\u2019accent sur la pr\u00e9vention en amont et sur des solutions co-con\u00e7ues avec les communaut\u00e9s afin de r\u00e9duire les risques zoonotiques. S\u2019appuyant sur le cadre <strong>du Groupe d\u2019experts de haut niveau \u00ab One Health \u00bb (OHHLEP)<\/strong>, il a soulign\u00e9 la n\u00e9cessit\u00e9 de s\u2019attaquer aux facteurs environnementaux et sociaux \u00e0 l\u2019origine de l\u2019\u00e9mergence des maladies avant que des \u00e9v\u00e8nements de transmission ne se produisent : \u00ab<em>Nous devons ancrer la pr\u00e9vention bien plus en amont, en nous concentrant v\u00e9ritablement sur l\u2019environnement et les \u00e9cosyst\u00e8mes sociaux<\/em> \u00bb. ASAMCO \u00e9tudie comment la foresterie communautaire, la restauration des \u00e9cosyst\u00e8mes et le pastoralisme \u00e9co-sanitaire peuvent contribuer \u00e0 r\u00e9duire les risques zoonotiques tout en soutenant la conservation de la biodiversit\u00e9. La Tha\u00eflande a adopt\u00e9 une loi sur les for\u00eats communautaires, qui accorde aux communaut\u00e9s locales le droit de g\u00e9rer leur for\u00eat commune selon leurs propres r\u00e8gles. Des recherches men\u00e9es dans le nord du pays sugg\u00e8rent que l\u2019augmentation du couvert forestier est associ\u00e9e \u00e0 une r\u00e9duction du risque de transmission du typhus des broussailles.    <\/p>\n\n<blockquote class=\"wp-block-quote is-layout-flow wp-block-quote-is-layout-flow\">\n<p class=\"wp-block-paragraph\">Le pastoralisme \u00e9co-sant\u00e9, le reboisement et la renaturation constituent des solutions efficaces pour renforcer la biodiversit\u00e9 tout en g\u00e9rant le risque de transmission des maladies zoonotiques.<\/p>\n<\/blockquote>\n\n<p class=\"wp-block-paragraph\">Au-del\u00e0 des r\u00e9sultats \u00e9cologiques, l\u2019intervention a mis l\u2019accent sur des solutions adaptatives fond\u00e9es sur des approches participatives, les savoirs \u00e9cologiques locaux et un engagement communautaire fort. Son intervention a soulign\u00e9 comment les for\u00eats g\u00e9r\u00e9es localement peuvent renforcer \u00e0 la fois la r\u00e9silience des \u00e9cosyst\u00e8mes et la capacit\u00e9 des communaut\u00e9s \u00e0 relever les d\u00e9fis sanitaires et environnementaux. Il a \u00e9galement soulign\u00e9 l\u2019importance d\u2019une gouvernance \u00e9quitable des donn\u00e9es, plaidant en faveur de l\u2019int\u00e9gration des principes FAIR (Findable, Accessible, Interoperable, Reusable) et CARE (Collective Benefit, Authority to Control, Responsibility, Ethics) dans le cadre de la collaboration avec les peuples autochtones et les communaut\u00e9s locales.  <\/p>\n\n<h3 class=\"wp-block-heading\">Des donn\u00e9es \u00e0 l&rsquo;action<\/h3>\n\n<p class=\"wp-block-paragraph\">\u00c0 l\u2019issue des trois expos\u00e9s, la discussion a port\u00e9 sur la mani\u00e8re de traduire les donn\u00e9es scientifiques en politiques et en pratiques concr\u00e8tes. Les intervenants ont \u00e9voqu\u00e9 les <strong>conclusions de l\u2019\u00e9valuation \u00ab Nexus \u00bb de l\u2019IPBES<\/strong>, qui met en \u00e9vidence les liens entre la biodiversit\u00e9, le climat, l\u2019eau, l\u2019alimentation et la sant\u00e9. Paula Prist a r\u00e9sum\u00e9 ainsi la situation : \u00ab<em><strong>Agir sur un seul axe \u2013 la biodiversit\u00e9, par exemple \u2013 a des effets positifs sur le climat, l\u2019alimentation, l\u2019eau et la sant\u00e9 humaine<\/strong><\/em>\u00bb. De nombreuses mesures g\u00e9n\u00e8rent des avantages connexes dans plusieurs secteurs, ce qui renforce l\u2019int\u00e9r\u00eat des approches int\u00e9gr\u00e9es par rapport aux interventions cloisonn\u00e9es.   <\/p>\n\n<p class=\"wp-block-paragraph\">Une question r\u00e9currente portait sur le <strong>foss\u00e9 entre les donn\u00e9es scientifiques et leur mise en \u0153uvre<\/strong>. Bien qu\u2019il soit prouv\u00e9 que la pr\u00e9vention et les solutions fond\u00e9es sur la nature g\u00e9n\u00e8rent des retomb\u00e9es \u00e9conomiques et sociales substantielles, les niveaux d\u2019investissement restent insuffisants. Les intervenants ont identifi\u00e9 plusieurs obstacles, notamment les priorit\u00e9s politiques \u00e0 court terme, la reconnaissance limit\u00e9e de la contribution de la nature au bien-\u00eatre humain, ainsi que des syst\u00e8mes d\u00e9cisionnels qui n\u00e9gligent souvent les d\u00e9terminants environnementaux de la sant\u00e9.  <strong>  La concentration du pouvoir \u00e9conomique et politique, ainsi que l&rsquo;influence persistante des secteurs dont les activit\u00e9s contribuent \u00e0 la perte de biodiversit\u00e9, au changement climatique et \u00e0 la d\u00e9gradation des \u00e9cosyst\u00e8mes, compromettent \u00e9galement ces efforts.<\/strong>  Par cons\u00e9quent, la sensibilisation du public, le soutien aux collectivit\u00e9s territoriales et aux communes, ainsi que la promotion d\u2019un engagement soci\u00e9tal plus large en faveur de la pr\u00e9vention restent des axes d\u2019action essentiels. Il est n\u00e9cessaire que les individus renouent avec la nature, en particulier ceux qui vivent en milieu urbain. La d\u00e9connexion des syst\u00e8mes naturels constitue un obstacle \u00e0 un changement transformateur, ce qui fait de l\u2019\u00e9ducation, de la participation communautaire et de la gestion locale des \u00e9l\u00e9ments essentiels des strat\u00e9gies de pr\u00e9vention \u00e0 long terme.  <\/p>\n\n<p class=\"wp-block-paragraph\"><\/p>\n\n<h3 class=\"wp-block-heading\">Perspectives d&rsquo;avenir<\/h3>\n\n<p class=\"wp-block-paragraph\"><\/p>\n\n<p class=\"wp-block-paragraph\"><strong>Dans divers contextes g\u00e9ographiques<\/strong>\u2014 de l&rsquo;Amazonie au Liberia en passant par l&rsquo;Asie du Sud-Est \u2014, ce webinaire a d\u00e9montr\u00e9 que<strong>les solutions fond\u00e9es sur la nature contribuent \u00e0 r\u00e9duire les risques li\u00e9s aux maladies zoonotiques tout en favorisant la conservation de la biodiversit\u00e9, la r\u00e9silience face au changement climatique et le bien-\u00eatre des communaut\u00e9s.<\/strong><\/p>\n\n<p class=\"wp-block-paragraph\">Bien qu\u2019il subsiste d\u2019importantes lacunes dans les connaissances et des d\u00e9fis en mati\u00e8re de mise en \u0153uvre,<strong>les donn\u00e9es pr\u00e9sent\u00e9es renforcent un message central de PREZODE : pour pr\u00e9venir de futures pand\u00e9mies, il faut s\u2019attaquer aux facteurs environnementaux \u00e0 l\u2019origine de l\u2019\u00e9mergence des maladies et investir dans des \u00e9cosyst\u00e8mes sains et r\u00e9silients, qui constituent le fondement de la sant\u00e9 humaine<\/strong>. Comme le r\u00e9sume Neil Vora : \u00ab<em>Nous devons sortir de notre zone de confort pour nouer de nouveaux partenariats et impliquer les communaut\u00e9s et les \u00eatres que nous cherchons \u00e0 servir<\/em>\u00bb. <\/p>\n\n<p class=\"wp-block-paragraph\"><\/p>\n\n<h3 class=\"wp-block-heading\">Biographie des intervenants<\/h3>\n\n<p class=\"wp-block-paragraph\"><\/p>\n\n<div class=\"wp-block-media-text is-stacked-on-mobile\" style=\"grid-template-columns:28% auto\"><figure class=\"wp-block-media-text__media\"><img loading=\"lazy\" decoding=\"async\" width=\"769\" height=\"1024\" src=\"https:\/\/prezode-initiative.org\/wp-content\/uploads\/2026\/05\/PaulaPrist-769x1024.png\" alt=\"Portrait de Paul Prist\" class=\"wp-image-6991 size-full\" srcset=\"https:\/\/prezode-initiative.org\/wp-content\/uploads\/2026\/05\/PaulaPrist-769x1024.png 769w, https:\/\/prezode-initiative.org\/wp-content\/uploads\/2026\/05\/PaulaPrist-225x300.png 225w, https:\/\/prezode-initiative.org\/wp-content\/uploads\/2026\/05\/PaulaPrist-768x1022.png 768w, https:\/\/prezode-initiative.org\/wp-content\/uploads\/2026\/05\/PaulaPrist.png 1087w\" sizes=\"auto, (max-width: 769px) 100vw, 769px\" \/><\/figure><div class=\"wp-block-media-text__content\">\n<p class=\"wp-block-paragraph\"><strong>La Docteur Paula Ribeiro Prist<\/strong> est coordinatrice principale de programme pour l&rsquo;unit\u00e9 For\u00eats et Prairies de l&rsquo; <a href=\"https:\/\/iucn.org\" type=\"link\" id=\"https:\/\/iucn.org\" target=\"_blank\" rel=\"noreferrer noopener\">UICN<\/a>. Biologiste de formation, le Dr Prist est titulaire d&rsquo;une ma\u00eetrise, d&rsquo;un doctorat et d&rsquo;un post-doctorat en \u00e9pid\u00e9miologie du paysage de l&rsquo; <a href=\"https:\/\/www5.usp.br\/english\/institutional\/\" type=\"link\" id=\"https:\/\/www5.usp.br\/english\/institutional\/\">Universit\u00e9 de<\/a> <a href=\"https:\/\/www5.usp.br\/english\/institutional\/\" type=\"link\" id=\"https:\/\/www5.usp.br\/english\/institutional\/\" target=\"_blank\" rel=\"noreferrer noopener\">S\u00e3o<\/a> <a href=\"https:\/\/www5.usp.br\/english\/institutional\/\" type=\"link\" id=\"https:\/\/www5.usp.br\/english\/institutional\/\">Paulo<\/a> . Ses recherches portent sur la cr\u00e9ation de paysages sains pour les populations, en particulier des paysages multifonctionnels capables d&rsquo;att\u00e9nuer les changements climatiques, de fournir des services \u00e9cosyst\u00e9miques et d&rsquo;avoir un impact positif sur la sant\u00e9. Elle a \u00e9t\u00e9 scientifique principale pour la conservation et la sant\u00e9 \u00e0 EcoHealth Alliance pendant quatre ans et co-auteure principale du prochain rapport <a href=\"https:\/\/www.ipbes.net\" target=\"_blank\" rel=\"noreferrer noopener\">IPBES<\/a> Nexus. Elle dirige actuellement le groupe th\u00e9matique de l&rsquo;UICN sur la sant\u00e9 humaine (300 \u00e0 1 000 membres) et est membre du <a href=\"https:\/\/futureearth.org\/networks\/global-research-networks\/health\/\" type=\"link\" id=\"https:\/\/futureearth.org\/networks\/global-research-networks\/health\/\">Future<\/a> <a href=\"https:\/\/futureearth.org\/networks\/global-research-networks\/health\/\" type=\"link\" id=\"https:\/\/futureearth.org\/networks\/global-research-networks\/health\/\" target=\"_blank\" rel=\"noreferrer noopener\">Earth<\/a> <a href=\"https:\/\/futureearth.org\/networks\/global-research-networks\/health\/\" type=\"link\" id=\"https:\/\/futureearth.org\/networks\/global-research-networks\/health\/\">Health Kan<\/a> du <a href=\"https:\/\/www.star-idaz.net\">STAR-<\/a> <a href=\"https:\/\/www.star-idaz.net\" target=\"_blank\" rel=\"noreferrer noopener\">IDAZ.<\/a>   <a href=\"https:\/\/www.star-idaz.net\"> <\/a>&amp; <a href=\"https:\/\/www.glopid-r.org\/mission-and-objectives\/\" type=\"link\" id=\"https:\/\/www.glopid-r.org\/mission-and-objectives\/\" target=\"_blank\" rel=\"noreferrer noopener\">GloPID-R<\/a> \u2013 Groupe de travail \u00ab One Health \u00bb et du Comit\u00e9 scientifique de l&rsquo;Amazonie.<\/p>\n<\/div><\/div>\n\n<p class=\"wp-block-paragraph\"><\/p>\n\n<div class=\"wp-block-media-text is-stacked-on-mobile\" style=\"grid-template-columns:29% auto\"><figure class=\"wp-block-media-text__media\"><img loading=\"lazy\" decoding=\"async\" width=\"768\" height=\"1024\" src=\"https:\/\/prezode-initiative.org\/wp-content\/uploads\/2026\/05\/Serge-Morand-red-768x1024.jpg\" alt=\"portrait de Serge Morand\" class=\"wp-image-6993 size-full\"\/><\/figure><div class=\"wp-block-media-text__content\">\n<p class=\"wp-block-paragraph\"><strong>Le Dr Serge Morand<\/strong> est un \u00e9cologiste de la sant\u00e9, form\u00e9 en zoologie et en biologie \u00e9volutive. Il dirige des projets portant sur les liens entre biodiversit\u00e9, sant\u00e9 et soci\u00e9t\u00e9s en Asie du Sud-Est, notamment <a href=\"https:\/\/www.preacts.org\/fr\/asamco\" type=\"link\" id=\"https:\/\/www.preacts.org\/fr\/asamco\" target=\"_blank\" rel=\"noreferrer noopener\">ASAMCO<\/a> Tha\u00eflande et Laos, un projet PREZODE PREACTS mis en \u0153uvre par<a href=\"https:\/\/en.ird.fr\" type=\"link\" id=\"https:\/\/en.ird.fr\" target=\"_blank\" rel=\"noreferrer noopener\"> l\u2019IRD<\/a> et financ\u00e9 par <a href=\"https:\/\/www.afd.fr\/en\" type=\"link\" id=\"https:\/\/www.afd.fr\/en\" target=\"_blank\" rel=\"noreferrer noopener\">l\u2019AFD<\/a>. Ce projet vise \u00e0 pr\u00e9venir les zoonoses au niveau des \u00e9cosyst\u00e8mes et \u00e0 l\u2019interface entre le b\u00e9tail et la faune sauvage. Il est directeur du laboratoire international de recherche HealthDEEP (Sant\u00e9, \u00c9cologie des maladies, Environnement et Politiques), qui rassemble le Centre national de la recherche scientifique (<a href=\"https:\/\/www.cnrs.fr\/fr\" type=\"link\" id=\"https:\/\/www.cnrs.fr\/fr\" target=\"_blank\" rel=\"noreferrer noopener\">CNRS<\/a>),<a href=\"https:\/\/www.ku.ac.th\/en\/community-home\" type=\"link\" id=\"https:\/\/www.ku.ac.th\/en\/community-home\" target=\"_blank\" rel=\"noreferrer noopener\">l\u2019universit\u00e9<\/a> <a href=\"https:\/\/www.ku.ac.th\/en\/community-home\" type=\"link\" id=\"https:\/\/www.ku.ac.th\/en\/community-home\">Kasetsart <\/a> et <a href=\"https:\/\/mahidol.ac.th\" type=\"link\" id=\"https:\/\/mahidol.ac.th\" target=\"_blank\" rel=\"noreferrer noopener\">l\u2019universit\u00e9 Mahidol<\/a> \u00e0 Bangkok (Tha\u00eflande).<br\/>Serge est membre du Groupe d\u2019experts de haut niveau \u00ab One Health \u00bb (<a href=\"https:\/\/www.who.int\/groups\/one-health-high-level-expert-panel\" type=\"link\" id=\"https:\/\/www.who.int\/groups\/one-health-high-level-expert-panel\" target=\"_blank\" rel=\"noreferrer noopener\">OHHLEP<\/a>), qui soutient le Quadripartite \u00ab One Health \u00bb (OMS, OIE, FAO, PNUE), ainsi que membre du Groupe consultatif technique de <a href=\"https:\/\/nature4health.org\" type=\"link\" id=\"https:\/\/nature4health.org\" target=\"_blank\" rel=\"noreferrer noopener\">Nature4Health<\/a> (PNUE).   <\/p>\n<\/div><\/div>\n\n<p class=\"wp-block-paragraph\"><\/p>\n\n<div class=\"wp-block-media-text is-stacked-on-mobile\" style=\"grid-template-columns:29% auto\"><figure class=\"wp-block-media-text__media\"><img loading=\"lazy\" decoding=\"async\" width=\"534\" height=\"642\" src=\"https:\/\/prezode-initiative.org\/wp-content\/uploads\/2026\/06\/Neil.png\" alt=\"Portrait de Neil Vora\" class=\"wp-image-7005 size-full\" srcset=\"https:\/\/prezode-initiative.org\/wp-content\/uploads\/2026\/06\/Neil.png 534w, https:\/\/prezode-initiative.org\/wp-content\/uploads\/2026\/06\/Neil-250x300.png 250w\" sizes=\"auto, (max-width: 534px) 100vw, 534px\" \/><\/figure><div class=\"wp-block-media-text__content\">\n<p class=\"wp-block-paragraph\"><strong>Le Dr Neil Vora<\/strong>, m\u00e9decin, est un praticien, \u00e9pid\u00e9miologiste et d\u00e9fenseur de l&rsquo;environnement qui occupe le poste de directeur ex\u00e9cutif de la <a href=\"https:\/\/www.preventingfuturepandemics.org\/\"><u>Coalition \u00ab Preventing Pandemics at the Source \u00bb<\/u><\/a> (PPATS) et \u00ab Orchestrateur en r\u00e9sidence \u00bb au sein de <a href=\"https:\/\/www.thisisintegral.org\/\"><u>Integral<\/u><\/a>. Il a travaill\u00e9 pendant pr\u00e8s d\u2019une d\u00e9cennie au sein des Centres pour le contr\u00f4le et la pr\u00e9vention des maladies (CDC) des \u00c9tats-Unis, dans le cadre desquels il a \u00e9t\u00e9 d\u00e9p\u00each\u00e9 au <a href=\"https:\/\/www.cdc.gov\/mmwr\/preview\/mmwrhtml\/mm63e1104a1.htm\"><u>au Lib\u00e9ria en 2014<\/u><\/a> et en R\u00e9publique d\u00e9mocratique du Congo en 2019 pour contribuer \u00e0 la lutte contre les deux plus grandes \u00e9pid\u00e9mies d\u2019Ebola jamais enregistr\u00e9es. Il a \u00e9galement dirig\u00e9 l\u2019enqu\u00eate sur <a href=\"https:\/\/www.npr.org\/sections\/health-shots\/2014\/05\/01\/308357520\/new-virus-related-to-smallpox-is-found-in-republic-of-georgia\"><u>un virus de type variole r\u00e9cemment d\u00e9couvert en G\u00e9orgie<\/u><\/a> en 2013. En 2020, Neil a \u00e9t\u00e9 sollicit\u00e9 par le maire de New York (NYC), Bill de Blasio, pour mettre en place et diriger <a href=\"https:\/\/www1.nyc.gov\/office-of-the-mayor\/news\/341-20\/test-trace-mayor-de-blasio-builds-out-tracing-isolation-operation\"><u>programme de tra\u00e7age des contacts li\u00e9 \u00e0 la COVID-19 de la ville de New York<\/u><\/a>, dans le cadre duquel il a supervis\u00e9 une \u00e9quipe de <a href=\"https:\/\/jamanetwork.com\/journals\/jamanetworkopen\/fullarticle\/2798102\"><u>plus de 3 000 collaborateurs<\/u><\/a> qui a retrac\u00e9 plus de 700 000 New-Yorkais concern\u00e9s. Il continue de recevoir des patients dans <a href=\"https:\/\/www.treatmentactiongroup.org\/statement\/u-s-government-funded-research-brings-shorter-tuberculosis-treatment-regimens-to-new-york-city\/\"><u>une clinique publique sp\u00e9cialis\u00e9e dans la tuberculose \u00e0 New York<\/u><\/a>. De 2021 \u00e0 2025, il a occup\u00e9 les fonctions de charg\u00e9 de mission technique et de conseiller principal pour One Health au sein de Conservation International.      Il a publi\u00e9 plus de <a href=\"https:\/\/pubmed.ncbi.nlm.nih.gov\/?term=neil+vora\"><u>100 articles<\/u><\/a> dans des publications de premier plan telles que le <a href=\"https:\/\/www.nytimes.com\/2023\/04\/02\/opinion\/the-last-of-us-fungus-climate-change.html\"><u>New York Times<\/u><\/a>, <a href=\"https:\/\/www.nature.com\/articles\/d41586-022-01312-y\"><u>Nature<\/u><\/a>, <a href=\"https:\/\/www.nejm.org\/doi\/full\/10.1056\/NEJMoa1407647\"><u>New England Journal of Medicine<\/u><\/a>et <a href=\"https:\/\/www.thelancet.com\/journals\/lancet\/article\/PIIS0140-6736(15)60118-0\/fulltext\"><u>The Lancet<\/u><\/a>. En 2023, il a donn\u00e9 une <a href=\"https:\/\/www.ted.com\/talks\/neil_vora_how_to_stop_the_next_pandemic_stop_deforestation?language=en\"><u>conf\u00e9rence TED<\/u><\/a> sur la mani\u00e8re dont l\u2019arr\u00eat de la d\u00e9forestation constitue une mesure essentielle pour pr\u00e9venir les pand\u00e9mies et att\u00e9nuer le changement climatique. En 2025, il a \u00e9t\u00e9 nomm\u00e9 au classement TIME100 Next <a href=\"https:\/\/time.com\/collections\/time100-next-2025\/7318838\/neil-vora\/\"><u>liste<\/u><\/a> des \u00ab \u00e9toiles montantes les plus influentes au monde \u00bb.   En dehors du travail, Neil adore s&rsquo;entra\u00eener au <a href=\"https:\/\/www.menshealth.com\/fitness\/a64435088\/brazilian-jiu-jitsu-doctor-community\/\"><u>jiu-jitsu br\u00e9silien<\/u><\/a>.<\/p>\n<\/div><\/div>\n","protected":false},"excerpt":{"rendered":"<p>Sur une plan\u00e8te aux ressources limit\u00e9es, la protection et la restauration de la nature constituent un imp\u00e9ratif pour pr\u00e9server la sant\u00e9 mondiale et lutter contre les risques de pand\u00e9mies et de zoonoses. Les enseignements et t\u00e9moignages de terrain d\u00e9montrent l&rsquo;efficacit\u00e9 des solutions fond\u00e9es sur la nature. Selon l&rsquo;Union internationale pour la conservation de la nature<a href=\"https:\/\/prezode-initiative.org\/fr\/renouer-avec-la-nature-un-imperatif-en-matiere-de-prevention\/\">Continue reading <span class=\"sr-only\">\u00ab\u00a0Renouer avec la nature, un imp\u00e9ratif en mati\u00e8re de pr\u00e9vention\u00a0\u00bb<\/span><\/a><\/p>\n","protected":false},"author":2,"featured_media":7507,"comment_status":"closed","ping_status":"closed","sticky":false,"template":"","format":"standard","meta":{"_acf_changed":false,"footnotes":""},"categories":[171],"tags":[],"news_type":[156],"class_list":["post-7508","post","type-post","status-publish","format-standard","has-post-thumbnail","hentry","category-webinaires","news_type-breve"],"acf":[],"yoast_head":"<!-- This site is optimized with the Yoast SEO plugin v28.3 - https:\/\/yoast.com\/product\/yoast-seo-wordpress\/ -->\n<title>Renouer avec la nature, un imp\u00e9ratif en mati\u00e8re de pr\u00e9vention - Prezode.<\/title>\n<meta name=\"robots\" content=\"index, follow, max-snippet:-1, max-image-preview:large, max-video-preview:-1\" \/>\n<link rel=\"canonical\" href=\"https:\/\/prezode-initiative.org\/fr\/renouer-avec-la-nature-un-imperatif-en-matiere-de-prevention\/\" \/>\n<meta property=\"og:locale\" content=\"fr_FR\" \/>\n<meta property=\"og:type\" content=\"article\" \/>\n<meta property=\"og:title\" content=\"Renouer avec la nature, un imp\u00e9ratif en mati\u00e8re de pr\u00e9vention - Prezode.\" \/>\n<meta property=\"og:description\" content=\"Sur une plan\u00e8te aux ressources limit\u00e9es, la protection et la restauration de la nature constituent un imp\u00e9ratif pour pr\u00e9server la sant\u00e9 mondiale et lutter contre les risques de pand\u00e9mies et de zoonoses. Les enseignements et t\u00e9moignages de terrain d\u00e9montrent l&rsquo;efficacit\u00e9 des solutions fond\u00e9es sur la nature. Selon l&rsquo;Union internationale pour la conservation de la natureContinue reading &quot;Renouer avec la nature, un imp\u00e9ratif en mati\u00e8re de pr\u00e9vention&quot;\" \/>\n<meta property=\"og:url\" content=\"https:\/\/prezode-initiative.org\/fr\/renouer-avec-la-nature-un-imperatif-en-matiere-de-prevention\/\" \/>\n<meta property=\"og:site_name\" content=\"Prezode\" \/>\n<meta property=\"article:published_time\" content=\"2026-06-25T08:43:57+00:00\" \/>\n<meta property=\"article:modified_time\" content=\"2026-08-25T17:41:06+00:00\" \/>\n<meta property=\"og:image\" content=\"https:\/\/prezode-initiative.org\/wp-content\/uploads\/2026\/06\/NBS-illutr.png\" \/>\n\t<meta property=\"og:image:width\" content=\"1200\" \/>\n\t<meta property=\"og:image:height\" content=\"1200\" \/>\n\t<meta property=\"og:image:type\" content=\"image\/png\" \/>\n<meta name=\"author\" content=\"prezode\" \/>\n<meta name=\"twitter:card\" content=\"summary_large_image\" \/>\n<meta name=\"twitter:label1\" content=\"\u00c9crit par\" \/>\n\t<meta name=\"twitter:data1\" content=\"prezode\" \/>\n\t<meta name=\"twitter:label2\" content=\"Dur\u00e9e de lecture estim\u00e9e\" \/>\n\t<meta name=\"twitter:data2\" content=\"13 minute\" \/>\n<script type=\"application\/ld+json\" class=\"yoast-schema-graph\">{\"@context\":\"https:\\\/\\\/schema.org\",\"@graph\":[{\"@type\":\"Article\",\"@id\":\"https:\\\/\\\/prezode-initiative.org\\\/fr\\\/renouer-avec-la-nature-un-imperatif-en-matiere-de-prevention\\\/#article\",\"isPartOf\":{\"@id\":\"https:\\\/\\\/prezode-initiative.org\\\/fr\\\/renouer-avec-la-nature-un-imperatif-en-matiere-de-prevention\\\/\"},\"author\":{\"name\":\"prezode\",\"@id\":\"https:\\\/\\\/prezode-initiative.org\\\/fr\\\/#\\\/schema\\\/person\\\/2b1e3ca432542580f3096e4b35bd5e24\"},\"headline\":\"Renouer avec la nature, un imp\u00e9ratif en mati\u00e8re de pr\u00e9vention\",\"datePublished\":\"2026-06-25T08:43:57+00:00\",\"dateModified\":\"2026-08-25T17:41:06+00:00\",\"mainEntityOfPage\":{\"@id\":\"https:\\\/\\\/prezode-initiative.org\\\/fr\\\/renouer-avec-la-nature-un-imperatif-en-matiere-de-prevention\\\/\"},\"wordCount\":2677,\"publisher\":{\"@id\":\"https:\\\/\\\/prezode-initiative.org\\\/fr\\\/#organization\"},\"image\":{\"@id\":\"https:\\\/\\\/prezode-initiative.org\\\/fr\\\/renouer-avec-la-nature-un-imperatif-en-matiere-de-prevention\\\/#primaryimage\"},\"thumbnailUrl\":\"https:\\\/\\\/prezode-initiative.org\\\/wp-content\\\/uploads\\\/2026\\\/06\\\/NBS-illutr.png\",\"articleSection\":[\"Webinaires\"],\"inLanguage\":\"fr-FR\"},{\"@type\":\"WebPage\",\"@id\":\"https:\\\/\\\/prezode-initiative.org\\\/fr\\\/renouer-avec-la-nature-un-imperatif-en-matiere-de-prevention\\\/\",\"url\":\"https:\\\/\\\/prezode-initiative.org\\\/fr\\\/renouer-avec-la-nature-un-imperatif-en-matiere-de-prevention\\\/\",\"name\":\"Renouer avec la nature, un imp\u00e9ratif en mati\u00e8re de pr\u00e9vention - Prezode.\",\"isPartOf\":{\"@id\":\"https:\\\/\\\/prezode-initiative.org\\\/fr\\\/#website\"},\"primaryImageOfPage\":{\"@id\":\"https:\\\/\\\/prezode-initiative.org\\\/fr\\\/renouer-avec-la-nature-un-imperatif-en-matiere-de-prevention\\\/#primaryimage\"},\"image\":{\"@id\":\"https:\\\/\\\/prezode-initiative.org\\\/fr\\\/renouer-avec-la-nature-un-imperatif-en-matiere-de-prevention\\\/#primaryimage\"},\"thumbnailUrl\":\"https:\\\/\\\/prezode-initiative.org\\\/wp-content\\\/uploads\\\/2026\\\/06\\\/NBS-illutr.png\",\"datePublished\":\"2026-06-25T08:43:57+00:00\",\"dateModified\":\"2026-08-25T17:41:06+00:00\",\"breadcrumb\":{\"@id\":\"https:\\\/\\\/prezode-initiative.org\\\/fr\\\/renouer-avec-la-nature-un-imperatif-en-matiere-de-prevention\\\/#breadcrumb\"},\"inLanguage\":\"fr-FR\",\"potentialAction\":[{\"@type\":\"ReadAction\",\"target\":[\"https:\\\/\\\/prezode-initiative.org\\\/fr\\\/renouer-avec-la-nature-un-imperatif-en-matiere-de-prevention\\\/\"]}]},{\"@type\":\"ImageObject\",\"inLanguage\":\"fr-FR\",\"@id\":\"https:\\\/\\\/prezode-initiative.org\\\/fr\\\/renouer-avec-la-nature-un-imperatif-en-matiere-de-prevention\\\/#primaryimage\",\"url\":\"https:\\\/\\\/prezode-initiative.org\\\/wp-content\\\/uploads\\\/2026\\\/06\\\/NBS-illutr.png\",\"contentUrl\":\"https:\\\/\\\/prezode-initiative.org\\\/wp-content\\\/uploads\\\/2026\\\/06\\\/NBS-illutr.png\",\"width\":1200,\"height\":1200},{\"@type\":\"BreadcrumbList\",\"@id\":\"https:\\\/\\\/prezode-initiative.org\\\/fr\\\/renouer-avec-la-nature-un-imperatif-en-matiere-de-prevention\\\/#breadcrumb\",\"itemListElement\":[{\"@type\":\"ListItem\",\"position\":1,\"name\":\"Home\",\"item\":\"https:\\\/\\\/prezode-initiative.org\\\/fr\\\/\"},{\"@type\":\"ListItem\",\"position\":2,\"name\":\"Renouer avec la nature, un imp\u00e9ratif en mati\u00e8re de pr\u00e9vention\"}]},{\"@type\":\"WebSite\",\"@id\":\"https:\\\/\\\/prezode-initiative.org\\\/fr\\\/#website\",\"url\":\"https:\\\/\\\/prezode-initiative.org\\\/fr\\\/\",\"name\":\"Prezode\",\"description\":\"\",\"publisher\":{\"@id\":\"https:\\\/\\\/prezode-initiative.org\\\/fr\\\/#organization\"},\"potentialAction\":[{\"@type\":\"SearchAction\",\"target\":{\"@type\":\"EntryPoint\",\"urlTemplate\":\"https:\\\/\\\/prezode-initiative.org\\\/fr\\\/?s={search_term_string}\"},\"query-input\":{\"@type\":\"PropertyValueSpecification\",\"valueRequired\":true,\"valueName\":\"search_term_string\"}}],\"inLanguage\":\"fr-FR\"},{\"@type\":\"Organization\",\"@id\":\"https:\\\/\\\/prezode-initiative.org\\\/fr\\\/#organization\",\"name\":\"Prezode\",\"url\":\"https:\\\/\\\/prezode-initiative.org\\\/fr\\\/\",\"logo\":{\"@type\":\"ImageObject\",\"inLanguage\":\"fr-FR\",\"@id\":\"https:\\\/\\\/prezode-initiative.org\\\/fr\\\/#\\\/schema\\\/logo\\\/image\\\/\",\"url\":\"https:\\\/\\\/prezode-initiative.org\\\/wp-content\\\/uploads\\\/2025\\\/02\\\/logo.png\",\"contentUrl\":\"https:\\\/\\\/prezode-initiative.org\\\/wp-content\\\/uploads\\\/2025\\\/02\\\/logo.png\",\"width\":168,\"height\":118,\"caption\":\"Prezode\"},\"image\":{\"@id\":\"https:\\\/\\\/prezode-initiative.org\\\/fr\\\/#\\\/schema\\\/logo\\\/image\\\/\"}},{\"@type\":\"Person\",\"@id\":\"https:\\\/\\\/prezode-initiative.org\\\/fr\\\/#\\\/schema\\\/person\\\/2b1e3ca432542580f3096e4b35bd5e24\",\"name\":\"prezode\",\"image\":{\"@type\":\"ImageObject\",\"inLanguage\":\"fr-FR\",\"@id\":\"https:\\\/\\\/secure.gravatar.com\\\/avatar\\\/56cf4262506f21c40bdb802791c01348323e4e66e5b18058bc077865ebe7489a?s=96&d=mm&r=g\",\"url\":\"https:\\\/\\\/secure.gravatar.com\\\/avatar\\\/56cf4262506f21c40bdb802791c01348323e4e66e5b18058bc077865ebe7489a?s=96&d=mm&r=g\",\"contentUrl\":\"https:\\\/\\\/secure.gravatar.com\\\/avatar\\\/56cf4262506f21c40bdb802791c01348323e4e66e5b18058bc077865ebe7489a?s=96&d=mm&r=g\",\"caption\":\"prezode\"},\"url\":\"https:\\\/\\\/prezode-initiative.org\\\/fr\\\/author\\\/prezode\\\/\"}]}<\/script>\n<!-- \/ Yoast SEO plugin. -->","yoast_head_json":{"title":"Renouer avec la nature, un imp\u00e9ratif en mati\u00e8re de pr\u00e9vention - Prezode.","robots":{"index":"index","follow":"follow","max-snippet":"max-snippet:-1","max-image-preview":"max-image-preview:large","max-video-preview":"max-video-preview:-1"},"canonical":"https:\/\/prezode-initiative.org\/fr\/renouer-avec-la-nature-un-imperatif-en-matiere-de-prevention\/","og_locale":"fr_FR","og_type":"article","og_title":"Renouer avec la nature, un imp\u00e9ratif en mati\u00e8re de pr\u00e9vention - Prezode.","og_description":"Sur une plan\u00e8te aux ressources limit\u00e9es, la protection et la restauration de la nature constituent un imp\u00e9ratif pour pr\u00e9server la sant\u00e9 mondiale et lutter contre les risques de pand\u00e9mies et de zoonoses. Les enseignements et t\u00e9moignages de terrain d\u00e9montrent l&rsquo;efficacit\u00e9 des solutions fond\u00e9es sur la nature. Selon l&rsquo;Union internationale pour la conservation de la natureContinue reading \"Renouer avec la nature, un imp\u00e9ratif en mati\u00e8re de pr\u00e9vention\"","og_url":"https:\/\/prezode-initiative.org\/fr\/renouer-avec-la-nature-un-imperatif-en-matiere-de-prevention\/","og_site_name":"Prezode","article_published_time":"2026-06-25T08:43:57+00:00","article_modified_time":"2026-08-25T17:41:06+00:00","og_image":[{"width":1200,"height":1200,"url":"https:\/\/prezode-initiative.org\/wp-content\/uploads\/2026\/06\/NBS-illutr.png","type":"image\/png"}],"author":"prezode","twitter_card":"summary_large_image","twitter_misc":{"\u00c9crit par":"prezode","Dur\u00e9e de lecture estim\u00e9e":"13 minute"},"schema":{"@context":"https:\/\/schema.org","@graph":[{"@type":"Article","@id":"https:\/\/prezode-initiative.org\/fr\/renouer-avec-la-nature-un-imperatif-en-matiere-de-prevention\/#article","isPartOf":{"@id":"https:\/\/prezode-initiative.org\/fr\/renouer-avec-la-nature-un-imperatif-en-matiere-de-prevention\/"},"author":{"name":"prezode","@id":"https:\/\/prezode-initiative.org\/fr\/#\/schema\/person\/2b1e3ca432542580f3096e4b35bd5e24"},"headline":"Renouer avec la nature, un imp\u00e9ratif en mati\u00e8re de pr\u00e9vention","datePublished":"2026-06-25T08:43:57+00:00","dateModified":"2026-08-25T17:41:06+00:00","mainEntityOfPage":{"@id":"https:\/\/prezode-initiative.org\/fr\/renouer-avec-la-nature-un-imperatif-en-matiere-de-prevention\/"},"wordCount":2677,"publisher":{"@id":"https:\/\/prezode-initiative.org\/fr\/#organization"},"image":{"@id":"https:\/\/prezode-initiative.org\/fr\/renouer-avec-la-nature-un-imperatif-en-matiere-de-prevention\/#primaryimage"},"thumbnailUrl":"https:\/\/prezode-initiative.org\/wp-content\/uploads\/2026\/06\/NBS-illutr.png","articleSection":["Webinaires"],"inLanguage":"fr-FR"},{"@type":"WebPage","@id":"https:\/\/prezode-initiative.org\/fr\/renouer-avec-la-nature-un-imperatif-en-matiere-de-prevention\/","url":"https:\/\/prezode-initiative.org\/fr\/renouer-avec-la-nature-un-imperatif-en-matiere-de-prevention\/","name":"Renouer avec la nature, un imp\u00e9ratif en mati\u00e8re de pr\u00e9vention - Prezode.","isPartOf":{"@id":"https:\/\/prezode-initiative.org\/fr\/#website"},"primaryImageOfPage":{"@id":"https:\/\/prezode-initiative.org\/fr\/renouer-avec-la-nature-un-imperatif-en-matiere-de-prevention\/#primaryimage"},"image":{"@id":"https:\/\/prezode-initiative.org\/fr\/renouer-avec-la-nature-un-imperatif-en-matiere-de-prevention\/#primaryimage"},"thumbnailUrl":"https:\/\/prezode-initiative.org\/wp-content\/uploads\/2026\/06\/NBS-illutr.png","datePublished":"2026-06-25T08:43:57+00:00","dateModified":"2026-08-25T17:41:06+00:00","breadcrumb":{"@id":"https:\/\/prezode-initiative.org\/fr\/renouer-avec-la-nature-un-imperatif-en-matiere-de-prevention\/#breadcrumb"},"inLanguage":"fr-FR","potentialAction":[{"@type":"ReadAction","target":["https:\/\/prezode-initiative.org\/fr\/renouer-avec-la-nature-un-imperatif-en-matiere-de-prevention\/"]}]},{"@type":"ImageObject","inLanguage":"fr-FR","@id":"https:\/\/prezode-initiative.org\/fr\/renouer-avec-la-nature-un-imperatif-en-matiere-de-prevention\/#primaryimage","url":"https:\/\/prezode-initiative.org\/wp-content\/uploads\/2026\/06\/NBS-illutr.png","contentUrl":"https:\/\/prezode-initiative.org\/wp-content\/uploads\/2026\/06\/NBS-illutr.png","width":1200,"height":1200},{"@type":"BreadcrumbList","@id":"https:\/\/prezode-initiative.org\/fr\/renouer-avec-la-nature-un-imperatif-en-matiere-de-prevention\/#breadcrumb","itemListElement":[{"@type":"ListItem","position":1,"name":"Home","item":"https:\/\/prezode-initiative.org\/fr\/"},{"@type":"ListItem","position":2,"name":"Renouer avec la nature, un imp\u00e9ratif en mati\u00e8re de pr\u00e9vention"}]},{"@type":"WebSite","@id":"https:\/\/prezode-initiative.org\/fr\/#website","url":"https:\/\/prezode-initiative.org\/fr\/","name":"Prezode","description":"","publisher":{"@id":"https:\/\/prezode-initiative.org\/fr\/#organization"},"potentialAction":[{"@type":"SearchAction","target":{"@type":"EntryPoint","urlTemplate":"https:\/\/prezode-initiative.org\/fr\/?s={search_term_string}"},"query-input":{"@type":"PropertyValueSpecification","valueRequired":true,"valueName":"search_term_string"}}],"inLanguage":"fr-FR"},{"@type":"Organization","@id":"https:\/\/prezode-initiative.org\/fr\/#organization","name":"Prezode","url":"https:\/\/prezode-initiative.org\/fr\/","logo":{"@type":"ImageObject","inLanguage":"fr-FR","@id":"https:\/\/prezode-initiative.org\/fr\/#\/schema\/logo\/image\/","url":"https:\/\/prezode-initiative.org\/wp-content\/uploads\/2025\/02\/logo.png","contentUrl":"https:\/\/prezode-initiative.org\/wp-content\/uploads\/2025\/02\/logo.png","width":168,"height":118,"caption":"Prezode"},"image":{"@id":"https:\/\/prezode-initiative.org\/fr\/#\/schema\/logo\/image\/"}},{"@type":"Person","@id":"https:\/\/prezode-initiative.org\/fr\/#\/schema\/person\/2b1e3ca432542580f3096e4b35bd5e24","name":"prezode","image":{"@type":"ImageObject","inLanguage":"fr-FR","@id":"https:\/\/secure.gravatar.com\/avatar\/56cf4262506f21c40bdb802791c01348323e4e66e5b18058bc077865ebe7489a?s=96&d=mm&r=g","url":"https:\/\/secure.gravatar.com\/avatar\/56cf4262506f21c40bdb802791c01348323e4e66e5b18058bc077865ebe7489a?s=96&d=mm&r=g","contentUrl":"https:\/\/secure.gravatar.com\/avatar\/56cf4262506f21c40bdb802791c01348323e4e66e5b18058bc077865ebe7489a?s=96&d=mm&r=g","caption":"prezode"},"url":"https:\/\/prezode-initiative.org\/fr\/author\/prezode\/"}]}},"_links":{"self":[{"href":"https:\/\/prezode-initiative.org\/fr\/wp-json\/wp\/v2\/posts\/7508","targetHints":{"allow":["GET"]}}],"collection":[{"href":"https:\/\/prezode-initiative.org\/fr\/wp-json\/wp\/v2\/posts"}],"about":[{"href":"https:\/\/prezode-initiative.org\/fr\/wp-json\/wp\/v2\/types\/post"}],"author":[{"embeddable":true,"href":"https:\/\/prezode-initiative.org\/fr\/wp-json\/wp\/v2\/users\/2"}],"replies":[{"embeddable":true,"href":"https:\/\/prezode-initiative.org\/fr\/wp-json\/wp\/v2\/comments?post=7508"}],"version-history":[{"count":1,"href":"https:\/\/prezode-initiative.org\/fr\/wp-json\/wp\/v2\/posts\/7508\/revisions"}],"predecessor-version":[{"id":7512,"href":"https:\/\/prezode-initiative.org\/fr\/wp-json\/wp\/v2\/posts\/7508\/revisions\/7512"}],"wp:featuredmedia":[{"embeddable":true,"href":"https:\/\/prezode-initiative.org\/fr\/wp-json\/wp\/v2\/media\/7507"}],"wp:attachment":[{"href":"https:\/\/prezode-initiative.org\/fr\/wp-json\/wp\/v2\/media?parent=7508"}],"wp:term":[{"taxonomy":"category","embeddable":true,"href":"https:\/\/prezode-initiative.org\/fr\/wp-json\/wp\/v2\/categories?post=7508"},{"taxonomy":"post_tag","embeddable":true,"href":"https:\/\/prezode-initiative.org\/fr\/wp-json\/wp\/v2\/tags?post=7508"},{"taxonomy":"news_type","embeddable":true,"href":"https:\/\/prezode-initiative.org\/fr\/wp-json\/wp\/v2\/news_type?post=7508"}],"curies":[{"name":"wp","href":"https:\/\/api.w.org\/{rel}","templated":true}]}}